{"id":25554,"date":"2018-01-20T18:37:08","date_gmt":"2018-01-20T16:37:08","guid":{"rendered":"https:\/\/www.pedro-gandia.com\/?p=25554"},"modified":"2020-01-17T22:45:25","modified_gmt":"2020-01-17T20:45:25","slug":"las-quimeras-y-otros-poemas","status":"publish","type":"post","link":"https:\/\/www.pedro-gandia.com\/en\/las-quimeras-y-otros-poemas\/","title":{"rendered":"LAS QUIMERAS Y OTROS POEMAS"},"content":{"rendered":"<div class=\"wpb-content-wrapper\"><p>[vc_row row_type=&#8221;row&#8221; use_row_as_full_screen_section=&#8221;yes&#8221; type=&#8221;full_width&#8221; text_align=&#8221;left&#8221; background_animation=&#8221;none&#8221; side_padding=&#8221;10&#8243; padding_top=&#8221;27&#8243; padding_bottom=&#8221;20&#8243; css_animation=&#8221;&#8221; background_color=&#8221;#ffffff&#8221;][vc_column][vc_column_text]<span style=\"font-size: 24pt;\"><strong>LAS QUIMERAS Y OTROS POEMAS<\/strong><\/span><\/p>\n<p><span style=\"font-size: 24pt;\"><span style=\"font-size: 18pt; color: #808080;\">G\u00e9rard de Nerval<\/span><\/span>[\/vc_column_text][\/vc_column][\/vc_row][vc_row row_type=&#8221;row&#8221; use_row_as_full_screen_section=&#8221;no&#8221; type=&#8221;full_width&#8221; text_align=&#8221;left&#8221; background_animation=&#8221;none&#8221; css_animation=&#8221;&#8221;][vc_column][vc_empty_space height=&#8221;50px&#8221;][\/vc_column][\/vc_row][vc_row row_type=&#8221;row&#8221; use_row_as_full_screen_section=&#8221;no&#8221; type=&#8221;grid&#8221; text_align=&#8221;left&#8221; background_animation=&#8221;none&#8221; padding_bottom=&#8221;60&#8243; css_animation=&#8221;&#8221;][vc_column width=&#8221;1\/3&#8243;][vc_single_image image=&#8221;25558&#8243; img_size=&#8221;large&#8221; qode_css_animation=&#8221;&#8221;][\/vc_column][vc_column width=&#8221;2\/3&#8243;][vc_column_text]<\/p>\n<p style=\"text-align: justify;\"><strong>SINOPSIS<\/strong><\/p>\n<p style=\"text-align: justify;\">\u00a0<em>&#8220;INICIADO\u201d<\/em>,\u00a0<em>\u201cVestal\u201d<\/em>,\u00a0<em>\u201cHijo del Fuego\u201d<\/em>. As\u00ed gustaba llamarse G\u00e9rard de\u00a0<strong>Nerval\u00a0<\/strong>(Par\u00eds, 1808-1855), el poeta m\u00e1s puro y moderno del Romanticismo franc\u00e9s, precursor del Simbolismo junto con\u00a0Baudelaire\u00a0y el antecesor m\u00e1s profundo del Surrealismo, siempre adelantado a\u00a0Breton.<\/p>\n<p>&nbsp;<\/p>\n<p style=\"text-align: justify;\">\u00a0 \u00a0 \u00a0 \u00a0 \u00a0 \u00a0Se re\u00fanen aqu\u00ed sus mejores versos: los ins\u00f3litos e intangibles sonetos de <em>Las Quimeras<\/em>, fruto de su fecunda locura, sin precedentes en la literatura francesa, y una precisa selecci\u00f3n del resto de sus poemas; desde el primero, que compusiera con apenas trece a\u00f1os, hasta el \u00faltimo, su\u00a0<em>\u201cEpitafio\u201d<\/em>, escrito poco tiempo antes de aparecer ahorcado en una s\u00f3rdida calleja del viejo Par\u00eds.<\/p>\n<p>&nbsp;<\/p>\n<p>&nbsp;<\/p>\n<p>Autor: G\u00e9rard de Nerval<\/p>\n<p>Selecci\u00f3n, traducci\u00f3n y pr\u00f3logo de Pedro Gand\u00eda. Edici\u00f3n biling\u00fce.<\/p>\n<p>Ilustraci\u00f3n de cubierta: Diego Jord\u00e1n.<\/p>\n<p>Editorial: Visor Libros, 2018, Madrid (Espa\u00f1a)<\/p>\n<p>ISBN 978-84-9895-349-7<\/p>\n<p>164 pp.<\/p>\n<p>&nbsp;<\/p>\n<p>&nbsp;<\/p>\n<p><a href=\"https:\/\/www.visor-libros.com\/tienda\/la-quimeras-y-otros-poemas.html\" target=\"_blank\"  class=\"qbutton \" style=\"\">BUY WORK<\/a>[\/vc_column_text]<div class=\"social_share_list_holder circle\"><ul><li class=\"facebook_share\"><a title=\"Share on Facebook\" href=\"javascript:void(0)\" onclick=\"window.open('http:\/\/www.facebook.com\/sharer\/sharer.php?u=https:\/\/www.pedro-gandia.com\/en\/las-quimeras-y-otros-poemas\/', 'sharer', 'toolbar=0,status=0,width=620,height=280');\"><i class=\"social_facebook_circle\"><\/i><\/a><\/li><li class=\"twitter_share\"><a href=\"#\" title=\"Share on Twitter\" onclick=\"popUp=window.open('https:\/\/twitter.com\/intent\/tweet?text=%C2%ABINICIADO%E2%80%9D%2C+%E2%80%9CVestal%E2%80%9D%2C+%E2%80%9CHijo+del+Fuego%E2%80%9D.+As%C3%AD+gustaba+llamarse+G%C3%A9rard+de+Nerval+ https:\/\/www.pedro-gandia.com\/en\/las-quimeras-y-otros-poemas\/', 'popupwindow', 'scrollbars=yes,width=800,height=400');popUp.focus();return false;\"><i class=\"social_twitter_circle\"><\/i><\/a><\/li><li  class=\"google_share\"><a href=\"#\" title=\"Share on Google+\" onclick=\"popUp=window.open('https:\/\/plus.google.com\/share?url=https%3A%2F%2Fwww.pedro-gandia.com%2Fen%2Flas-quimeras-y-otros-poemas%2F', 'popupwindow', 'scrollbars=yes,width=800,height=400');popUp.focus();return false\"><i class=\"social_googleplus_circle\"><\/i><\/a><\/li><li  class=\"linkedin_share\"><a href=\"#\" title=\"Share on LinkedIn\" onclick=\"popUp=window.open('https:\/\/linkedin.com\/shareArticle?mini=true&amp;url=https%3A%2F%2Fwww.pedro-gandia.com%2Fen%2Flas-quimeras-y-otros-poemas%2F&amp;title=LAS+QUIMERAS+Y+OTROS+POEMAS', 'popupwindow', 'scrollbars=yes,width=800,height=400');popUp.focus();return false\"><i class=\"social_linkedin_circle\"><\/i><\/a><\/li><li  class=\"pinterest_share\"><a href=\"#\" title=\"Share on Pinterest\" onclick=\"popUp=window.open('https:\/\/pinterest.com\/pin\/create\/button\/?url=https%3A%2F%2Fwww.pedro-gandia.com%2Fen%2Flas-quimeras-y-otros-poemas%2F&amp;description=LAS QUIMERAS Y OTROS POEMAS&amp;media=https%3A%2F%2Fwww.pedro-gandia.com%2Fwp-content%2Fuploads%2FLasquimerasyotrospoemas-cuadrado.jpg', 'popupwindow', 'scrollbars=yes,width=800,height=400');popUp.focus();return false\"><i class=\"social_pinterest_circle\"><\/i><\/a><\/li><\/ul><\/div>[vc_empty_space height=&#8221;50px&#8221;][\/vc_column][\/vc_row][vc_row row_type=&#8221;row&#8221; use_row_as_full_screen_section=&#8221;no&#8221; type=&#8221;full_width&#8221; text_align=&#8221;left&#8221; background_animation=&#8221;none&#8221; css_animation=&#8221;&#8221; background_color=&#8221;#ffffff&#8221; css=&#8221;.vc_custom_1500902490992{padding: 2% !important;}&#8221;][vc_column][vc_column_text css=&#8221;.vc_custom_1570722276350{padding-top: 4% !important;padding-bottom: 2% !important;}&#8221;]<span style=\"color: #393939;\"><strong>ABOUT THIS WORK<\/strong><\/span>[\/vc_column_text][vc_accordion active_tab=&#8221;false&#8221; collapsible=&#8221;yes&#8221; style=&#8221;boxed_toggle&#8221;][vc_accordion_tab title=&#8221;&#8220;Nerval, un visionario&#8220;, por Francisco Onieva, DIARIO DE C\u00d3RDOBA, Cuadernos del Sur, 22\/11\/2019.&#8221;][vc_column_text]<\/p>\n<p style=\"text-align: justify;\">G\u00e9rard de Nerval (Par\u00eds, 1808-1855), pseud\u00f3nimo de G\u00e9rad Labrunie, concibe la poes\u00eda como un instrumento de conocimiento que le permite percibir, aunque sea de un modo fragmentario, otra realidad que est\u00e1 m\u00e1s all\u00e1 del mundo sensible y que, por tanto, escapa a los sentidos ordinarios. As\u00ed pues, el poema desborda los l\u00edmites sensoriales corrientes al intuir que existe otra realidad, la absoluta, que nos sobrepasa, y adentrarse en la fr\u00e1gil frontera donde se funden la vigilia y el sue\u00f1o, la fantas\u00eda y la realidad, la consciencia y el inconsciente, lo mundano y lo m\u00edstico, como nutrientes que posibilitan el retorno a lo tel\u00farico y a lo primigenio. De este modo, se alcanza un estado de conocimiento interior y de plenitud en el cual la imaginaci\u00f3n creadora se convierte en la llave para intuir el misterio que sustenta nuestra existencia.<\/p>\n<p>&nbsp;<\/p>\n<p style=\"text-align: justify;\">La locura, pues, estimula de manera inquietante y sorprendente su imaginaci\u00f3n y le permite, adem\u00e1s de ir m\u00e1s all\u00e1 del razonamiento y de los sentidos, tantear, aunque sea a ciegas, entre los significados ocultos que dicha realidad presenta ante los ojos del ser humano, estableciendo, as\u00ed, una serie de f\u00e9rtiles correspondencias entre ambos planos.<\/p>\n<p>&nbsp;<\/p>\n<p style=\"text-align: justify;\">El poeta m\u00e1s interesante del romanticismo franc\u00e9s es, por tanto, un aut\u00e9ntico visionario, cuya obra es considerada como precedente del simbolismo y antecesora del surrealismo.<\/p>\n<p>&nbsp;<\/p>\n<p style=\"text-align: justify;\">En el presente volumen se re\u00fanen sus poemas m\u00e1s significativos. Adem\u00e1s de los sorprendentes y evanescentes sonetos de <em>Las Quimeras<\/em>, Pedro Gand\u00eda, autor de la selecci\u00f3n, de la traducci\u00f3n y de un interesante pr\u00f3logo, recoge veinticinco composiciones, desde el inicial \u00abL\u2019Enfance\u00bb, escrito con apenas trece a\u00f1os, hasta su \u00abEpitafio\u00bb, que est\u00e1 compuesto poco antes de \u00ablibrar su alma en la calle m\u00e1s oscura que pudo encontrar\u00bb, en palabras de Charles Baudelaire.<\/p>\n<p>&nbsp;<\/p>\n<p style=\"text-align: justify;\"><a href=\"https:\/\/www.diariocordoba.com\/noticias\/cuadernos-del-sur\/nerval-visionario_1337985.html\" target=\"_blank\" rel=\"noopener noreferrer\">https:\/\/www.diariocordoba.com\/noticias\/cuadernos-del-sur\/nerval-visionario_1337985.html<\/a><\/p>\n<p>[\/vc_column_text][\/vc_accordion_tab][vc_accordion_tab title=&#8221;\u201cLas Quimeras del desdichado G\u00e9rard de Nerval\u201d, por Miguel \u00c1ngel Ordob\u00e1s, EL PERI\u00d3DICO DE ARAG\u00d3N &#8211; 16\/05\/2019&#8243;][vc_column_text]<\/p>\n<p style=\"text-align: justify;\">Tal vez a G\u00e9rard de Nerval le suceda como a alg\u00fan grupo musical: son autores de una producci\u00f3n art\u00edstica de primer nivel, pero b\u00e1sicamente se les recuerda por un peque\u00f1o fragmento que hace olvidar -injustamente- el resto de su obra. En el caso del poeta franc\u00e9s esa parte que oculta el todo es su poema <em>El desdichado<\/em>, as\u00ed con su t\u00edtulo original en espa\u00f1ol, cuyos primeros versos resuenan en la memoria de todo degustador de poes\u00eda: <em>Je suis le T\u00e9n\u00e9breux, &#8211;le Veuf&#8211;, l\u2019Inconsol\u00e9, \/ Le Prince d\u2019Aquitaine \u00e0 la Tour abolie.<\/em><\/p>\n<p>&nbsp;<\/p>\n<p style=\"text-align: justify;\">Esos versos abren <em>Las Quimeras<\/em>, que ha publicado Visor en su colecci\u00f3n de poes\u00eda con edici\u00f3n y solvente traducci\u00f3n de Pedro Gand\u00eda, quien ha a\u00f1adido otros poemas de Nerval para ofrecer una antolog\u00eda po\u00e9tica comprensiva del autor, ordenada de forma cronol\u00f3gica.<\/p>\n<p>&nbsp;<\/p>\n<p style=\"text-align: justify;\">La parte principal de la antolog\u00eda, no obstante, son esas quimeras que constituyen la cima creativa de Nerval. Bajo la f\u00e9rrea arquitectura del soneto, y dotados de una musicalidad que hace agradecer la edici\u00f3n biling\u00fce, en estos versos se funden religiosidad con paganismo, luminosidad con tinieblas e historia con presente. El autor se apoya en una s\u00f3lida base cl\u00e1sica para construir unos poemas en los que lanza miradas que van m\u00e1s all\u00e1 del horizonte m\u00e1s evidente de la realidad. No es casual que Breton y los surrealistas le reconocieran como uno de sus precursores.<\/p>\n<p>&nbsp;<\/p>\n<p style=\"text-align: justify;\">La biograf\u00eda de Nerval tambi\u00e9n ha oscurecido en ocasiones su aut\u00e9ntico valor creativo: atenazada por la locura, la mala estrella y el abuso de sustancias varias, ha sido objeto de seducci\u00f3n por los amantes de las existencias extremas. Sin embargo, y aunque m\u00e1s de una vez se asoma en ellos el delirio, se pueden degustar sus versos simple y llanamente por lo que son: una excelente muestra de buen hacer po\u00e9tico m\u00e1s all\u00e1 de todo malditismo. Incluso cuando confiesa: \u00abMe aburre y pesa este buen tiempo\u00bb.<\/p>\n<p>&nbsp;<\/p>\n<p><a href=\"https:\/\/www.elperiodicodearagon.com\/noticias\/escenarios\/quimeras-desdichado-gerard-nerval_1362479.html\" target=\"_blank\" rel=\"noopener noreferrer\">https:\/\/www.elperiodicodearagon.com\/noticias\/escenarios\/quimeras-desdichado-gerard-nerval_1362479.html<\/a>[\/vc_column_text][\/vc_accordion_tab][vc_accordion_tab title=&#8221;\u201cG\u00e9rard de Nerval, el poeta m\u00e1s loco y rom\u00e1ntico de Par\u00eds, que termin\u00f3 ahorcado\u201d por Bruno Pardo Porto, Madrid, ABC Cultura &#8211; 15\/03\/2019&#8243;][vc_column_text]<\/p>\n<p style=\"text-align: justify;\">Lleg\u00f3 a este mundo antes que\u00a0<strong>Rimbaud\u00a0<\/strong>y\u00a0<strong>Baudelaire<\/strong>, cuando ser maldito todav\u00eda no era una virtud literaria y las biograf\u00edas no pesaban tanto como los versos, aunque en su caso todo eso ya se avecinaba, como un anuncio, como una condena.\u00a0<strong>G\u00e9rard de Nerval<\/strong>\u00a0(1808-1855) nunca traz\u00f3 la frontera entre la realidad y la ficci\u00f3n, quiz\u00e1 porque siempre vivi\u00f3 en el territorio del sue\u00f1o, donde esas palabras no tienen sentido. Desde all\u00ed, tan lejos como cerca de su Par\u00eds natal, por el que se paseaba con ademanes exc\u00e9ntricos, escribi\u00f3 una obra febril y fantasmag\u00f3rica, propia del mito, que abri\u00f3 las puertas por las que llegar\u00edan a este mundo los vientos del simbolismo y el surrealismo.<\/p>\n<p>&nbsp;<\/p>\n<p style=\"text-align: justify;\">Nerval, que en realidad se apellidaba Labruine, se supo poeta desde siempre. Con diecis\u00e9is primaveras, cuando compart\u00eda clase con\u00a0<strong>Th\u00e9ophile Gautier<\/strong>, otro futuro tit\u00e1n de las letras, public\u00f3 su primer poemario. Y solo dos a\u00f1os m\u00e1s tarde, en 1827, se embarc\u00f3 en la traducci\u00f3n de la primera parte de \u00ab<strong>Fausto<\/strong>\u00bb. Cuando la ley\u00f3, el mism\u00edsimo\u00a0<strong>Goethe\u00a0<\/strong>dijo que aquello era un \u00abprodigio de estilo\u00bb y que Nerval llegar\u00eda a ser \u00abuno de los m\u00e1s puros y elegantes escritores de Francia\u00bb. No se equivoc\u00f3, aunque le falt\u00f3 a\u00f1adir que tambi\u00e9n firmar\u00eda, con su sangre, una de las existencias m\u00e1s tr\u00e1gicas del siglo XIX.<\/p>\n<p>&nbsp;<\/p>\n<p style=\"text-align: justify;\">Siempre escrib\u00eda, pero tuvo que ganarse los panes como aprendiz de imprenta o periodista, oficios que compaginaba con su faceta creativa. En 1834 recibi\u00f3 una suculenta herencia de su abuela materna, pero no le dur\u00f3 mucho. Se gast\u00f3 la mayor parte en una lujosa revista de teatro \u2013\u00abLe Monde dramatique\u00bb\u2013 que fue, sobre todo, un agujero negro financiero. Para entonces ya hab\u00eda conocido a\u00a0<strong>Jenny Colon<\/strong>, su gran amor no correspondido, el alimento de su nostalgia, de su para\u00edso perdido. De su literatura. Nerval nunca se olvidar\u00eda de ella, y sus lecturas, sobre todo la de \u00abFausto\u00bb, no hac\u00edan m\u00e1s que avivar una llama imaginaria. En 1841 tuvo su primera muestra de locura cl\u00ednica, que cape\u00f3 entrando y saliendo de distintas cl\u00ednicas. Al principio le diagnosticaron una \u00abman\u00eda aguda de probable curaci\u00f3n\u00bb, pero su segundo doctor,\u00a0<strong>\u00c9mile Blanche<\/strong>, lo declara \u00abincurable\u00bb y le recomienda como terapia que escriba mucho\u2026 As\u00ed que Nerval escribe, y en ese tiempo comienza a tomar notas para \u00ab<strong>Aurelia<\/strong>\u00bb, una de sus obras inmortales. Pero todo se desmorona en 1842, cuando fallece Jenny Colon y \u00e9l cae en una profunda depresi\u00f3n. Para escapar de sus demonios emprende un largo viaje por Asia y \u00c1frica, por lugares donde m\u00e1s que olvidar su locura, la abraza. O mejor dicho: la espoleaba a base de drogas. El\u00a0<strong>cannabis<\/strong>, que consum\u00eda con pasi\u00f3n, le acercaba a Dios, tal y como afirmaba en uno de sus cuentos ex\u00f3ticos. Tampoco le hac\u00eda ascos al alcohol: \u00abLos bebedores de agua solo conoc\u00e9is la apariencia m\u00e1s superficial y tosca de las cosas del mundo. La embriaguez, si bien enturbia los ojos de lo f\u00edsico, ilumina los del alma\u00bb, sentenciaba. No en vano estamos hablando de uno de los ilustres miembros del llamado \u00ab<strong>Club de los hachisianos<\/strong>\u00bb, un lugar por al que acud\u00edan personajes de la talla de\u00a0<a href=\"https:\/\/www.abc.es\/cultura\/cultural\/abci-baudelaire-y-descenso-infiernos-201902070139_noticia.html\" target=\"_blank\" rel=\"noopener noreferrer\">Baudelaire<\/a>,\u00a0<strong>Dumas<\/strong>,\u00a0<strong>Balzac<\/strong>,\u00a0<strong>Flaubert\u00a0<\/strong>o\u00a0<strong>D\u00e9lacroix\u00a0<\/strong>para experimentar con los efectos del opio y del hach\u00eds.<\/p>\n<p>&nbsp;<\/p>\n<p style=\"text-align: justify;\">A su vuelta de aquella traves\u00eda, que inspir\u00f3 su apasionante \u00ab<strong>Viaje a Oriente<\/strong>\u00bb, ya ten\u00eda clara la superioridad del sue\u00f1o sobre la realidad, y con esa certeza comenz\u00f3 a perge\u00f1ar los sonetos que componen \u00ab<strong>Las Quimeras<\/strong>\u00bb, una obra poblada de una mitolog\u00eda personal\u00edsima, de seres que no est\u00e1n aqu\u00ed y all\u00ed, sino en su imaginaci\u00f3n, que tambi\u00e9n es memoria, pues sus visiones eran una fuente de inspiraci\u00f3n constante.<\/p>\n<p>&nbsp;<\/p>\n<p style=\"text-align: justify;\">Estos versos, una de sus cumbres l\u00edricas, son, precisamente, los que reinan en \u00ab<strong>Las quimeras y otros poemas<\/strong>\u00bb, una antolog\u00eda prologada y traducida por\u00a0<strong>Pedro Gand\u00eda\u00a0<\/strong>que acaba de publicar la editorial Visor. \u00abSi el Romanticismo, la \u00faltima gran revoluci\u00f3n subversiva del esp\u00edritu, es una tentativa de sintetizar el mundo cl\u00e1sico y el mundo antiguo, Nerval, el poeta, el loco, el Cristo y el Anticristo, encarna la gran s\u00edntesis de este movimiento\u00bb, afirma ah\u00ed Gand\u00eda. \u00abEs el poeta m\u00e1s puro y m\u00e1s moderno del Romanticismo franc\u00e9s\u00bb, a\u00f1ade. Por no hablar de su alargada sombra, que persiguieron, entre muchos otros,\u00a0<strong>Marcel Proust<\/strong>,\u00a0<strong>Octavio Paz\u00a0<\/strong>o\u00a0<strong>Luis Cernuda<\/strong>.<\/p>\n<p>&nbsp;<\/p>\n<p style=\"text-align: justify;\">Pas\u00f3 casi una d\u00e9cada entre cavilaciones, odiseas, delirios y otros empe\u00f1os hasta que culmin\u00f3 este sublime poemario. Fue en 1854, cuando su locura ya estaba desatada y los m\u00e9dicos hablaban de esquizofrenia y sonambulismo. Mientras tanto, \u00e9l se dedicaba a trazar hor\u00f3scopos y a conjurar esp\u00edritus con ritos m\u00e1s bien extra\u00f1os. Su salud mental, al cabo, estaba muy tocada en esos a\u00f1os cincuenta, que sin embargo fueron muy prol\u00edficos en lo creativo, como si encontrara luz en sus tinieblas. O monstruos y dem\u00e1s criaturas. \u00abYo he so\u00f1ado en la gruta que habita la sirena\u00bb, escrib\u00eda en su c\u00e9lebre poema \u00ab<strong>El desdichado<\/strong>\u00bb\u2026 \u00abEs la \u00e9poca en la que peor se encuentra y en la que m\u00e1s trabaja. La convivencia de lo imaginario con lo real, lo visible con lo invisible, con el objeto de alcanzar la realidad esencial, son sustanciales en su obra\u00bb, explica el traductor en la introducci\u00f3n.<\/p>\n<p>&nbsp;<\/p>\n<p style=\"text-align: justify;\">El 1 de enero, por fin, publica la primera parte de \u00abAurelia\u00bb en la \u00abReuve de Paris\u00bb. Ser\u00eda su \u00faltimo logro. Porque ese mes, el d\u00eda 26, hacia las tres de la madrugada, Nerval se ahorc\u00f3 en un callej\u00f3n oscuro de la capital francesa. Ten\u00eda 46 a\u00f1os. El d\u00eda anterior le hab\u00eda escrito a su t\u00eda una breve esquela que terminaba as\u00ed: \u00ab<strong>No me esperes hoy, porque la noche ser\u00e1 negra y blanca<\/strong>\u00bb.<\/p>\n<p>&nbsp;<\/p>\n<p><a href=\"https:\/\/www.abc.es\/cultura\/libros\/abci-gerard-nerval-poeta-mas-loco-y-romantico-paris-termino-ahorcado-201903130154_noticia.html\" target=\"_blank\" rel=\"noopener noreferrer\">https:\/\/www.abc.es\/cultura\/libros\/abci-gerard-nerval-poeta-mas-loco-y-romantico-paris-termino-ahorcado-201903130154_noticia.html<\/a>[\/vc_column_text][\/vc_accordion_tab][vc_accordion_tab title=&#8221;\u201cNerval servido por Gand\u00eda\u201d por Amador Palacios, ABC, Artes &amp; Letras &#8211; 09\/03\/2019&#8243;][vc_column_text]<\/p>\n<p style=\"text-align: justify;\">El gran traductor que fue \u00c1ngel Crespo desarrollaba los elogios a las virtudes de una buena traducci\u00f3n comenzando por citar al poeta y caballero Garcilaso, a prop\u00f3sito de referirse el toledano a su amigo Juan Bosc\u00e1n, excelente traductor del italiano, al igual que \u00c1ngel Crespo. Garcilaso entonces dec\u00eda que \u201ces tan dificultoso traducir bien un libro como hacerlo de nuevo\u201d. Crespo ten\u00eda una opini\u00f3n muy alta de la buena traducci\u00f3n literaria, llegando a afirmar que \u201cel ideal de la aut\u00e9ntica traducci\u00f3n literaria es la incorporaci\u00f3n a la literatura de la lengua de llegada de la imitaci\u00f3n de las obras de partida, lo que supone, caso de conseguirlo, un enriquecimiento de la primera de ellas.<\/p>\n<p>&nbsp;<\/p>\n<p style=\"text-align: justify;\">\u00a0\u00a0\u00a0\u00a0\u00a0\u00a0\u00a0\u00a0\u00a0\u00a0\u00a0 \u00bfQui\u00e9n podr\u00eda asegurar, desconociendo la fuente de la lengua de partida, que este impecable cuarteto de un soneto blanco en alejandrinos, es una traducci\u00f3n?: \u201cPreguntas por qu\u00e9 tengo tanta rabia en mi pecho \/ Y una cabeza ind\u00f3mita sobre un cuello flexible. \/ Es que soy descendiente de la estirpe de Anteo \/ Y devuelvo los dardos contra el dios vencedor\u201d. Pues son los primeros versos del poema \u201cAnt\u00e9ros\u201d, inserto en la <em>colecci\u00f3n Les Chim\u00e8res \/Las Quimeras<\/em> de G\u00e9rard de Nerval (<em>Las Quimeras y otros poemas<\/em>, Colecci\u00f3n Visor de Poes\u00eda, Madrid, 2018). Su traductor, el conquense de Minglanilla Pedro Gand\u00eda, desde luego que incorpora con \u00e9xito, como aseguraba Crespo, sus traducciones de Nerval a la literatura en espa\u00f1ol, pues, al hilo de la aseveraci\u00f3n de Garcilaso, los versos procedentes del franc\u00e9s (<em>Tu demandes pourquoi j\u2019ai tant de rage au coeur<\/em>\u2026) se han generado como nuevos en nuestro idioma.<\/p>\n<p>&nbsp;<\/p>\n<p style=\"text-align: justify;\">\u00a0\u00a0\u00a0\u00a0\u00a0\u00a0\u00a0\u00a0\u00a0\u00a0\u00a0 En su traducci\u00f3n del imprescindible autor de las letras occidentales \u2013Nerval naci\u00f3 en Par\u00eds en 1808, ahorc\u00e1ndose en un s\u00f3rdido callej\u00f3n de esta urbe, en 1855, siendo un neto rom\u00e1ntico considerado precursor del Simbolismo y antecesor del Surrealismo-, Gand\u00eda ha procurado, escribe en su introducci\u00f3n a este corpus nervaliano, \u201cser lo menos infiel al texto\u201d porque \u201cTodo original es sagrado\u201d. Su adaptaci\u00f3n de los versos de Nerval al resultado castellano es intachable por el esmerado trasvase de los ritmos, el surgimiento de las nuevas cadencias, el establecimiento de una pulcra sonoridad. Si Pedro Gand\u00eda reh\u00fasa rimar en espa\u00f1ol como s\u00ed riman los vocablos originales: <em>coeur, indompt\u00e9e, Ant\u00e9e, vainqueur<\/em>, es porque adopta el eficaz criterio de rechazar las rimas para que, al adaptarlo, no se pierdan los significados y las construcciones verbales genuinas por el hecho de empe\u00f1arse en concordar la consonancia de las palabras finales.<\/p>\n<p>&nbsp;<\/p>\n<p style=\"text-align: justify;\">\u00a0\u00a0\u00a0\u00a0\u00a0\u00a0\u00a0\u00a0\u00a0\u00a0\u00a0 M\u00e1s de una vez se ha rese\u00f1ado en <em>Artes &amp; Letras<\/em> la llamativa trayectoria art\u00edstica e intelectual de Pedro Gand\u00eda, que ha tocado tantos palillos.\u00a0 Incansable viajero y creador muy vers\u00e1til: poeta, novelista, y no solo traductor del franc\u00e9s, sino tambi\u00e9n del portugu\u00e9s, del italiano y del ingl\u00e9s, vertiendo al espa\u00f1ol, adem\u00e1s de a Nerval, a Wilde, Gautier, Baudelaire, Val\u00e9ry, Sandro Penna y Eug\u00e9nio de Andrade. Escultor, pintor, m\u00fasico, ilustrador, fot\u00f3grafo, videoartista, profesor, marchante, editor. \u00bfAlguien da m\u00e1s?<\/p>\n<p>[\/vc_column_text][vc_single_image image=&#8221;25562&#8243; img_size=&#8221;full&#8221; alignment=&#8221;center&#8221; onclick=&#8221;link_image&#8221; qode_css_animation=&#8221;&#8221;][\/vc_accordion_tab][vc_accordion_tab title=&#8221;\u201cNerval, simbolismo suicida\u201d por Luis Antonio de Villena, El Norte de Castilla, \u201cLa sombra del cipr\u00e9s\u201d &#8211; 02\/02\/2019&#8243;][vc_column_text]<\/p>\n<p style=\"text-align: justify;\">G\u00e9rard de Nerval (1808-1845) se suicid\u00f3 ahorc\u00e1ndose en una callejuela del viejo Par\u00eds -destruida por los grandes bulevares- que se llam\u00f3 de la Vielle Lanterne , de la Vieja Linterna. Ram\u00f3n G\u00f3mez de la Serna escribi\u00f3 una l\u00edrica efigie sobre Nerval. Criado literariamente en el romanticismo (amigo de Hugo y de Gautier) Nerval es el gran precursor del simbolismo, entre viajes a Oriente y a Alemania, sesiones de hach\u00eds en el club formado por esos fumadores; G\u00e9rard de Nerval es desordenado y a la vez\u00a0riguroso, como deb\u00eda ser el padre espiritual de los modernos, desde Baudelaire o Verlaine o Rimbaud hasta ahora mismo, pues sigue siendo el poeta (y autor de m\u00e1gicos relatos) imprescindible. No viene mal -aunque haya sido muchas veces traducido al espa\u00f1ol- la antolog\u00eda que Visor publica como \u201cLas quimeras y otros poemas\u201d, hecha por Pedro Gand\u00eda.<\/p>\n<p>&nbsp;<\/p>\n<p style=\"text-align: justify;\">\u00a0\u00a0\u00a0\u00a0\u00a0\u00a0\u00a0\u00a0\u00a0\u00a0\u00a0 \u201cLes Chim\u00e8res\u201d (Las Quimeras) es el conjunto de sonetos brillantes, nuevos, herm\u00e9ticos y luminosos en los que Nerval abre su conciencia a lo infinito, a la desolaci\u00f3n vital, y a los mitos renovados del mundo antiguo, ya que como escribe \u00e9l mismo, \u201cpues un hijo de Grecia hizo de m\u00ed la Musa\u201d. Nerval es un visionario, a ratos un loco vidente, que sue\u00f1a en la perfecci\u00f3n desde la melancol\u00eda. \u00a0El m\u00e1s famoso (y traducido) de esos sonetos, se titula en espa\u00f1ol \u201cEl desdichado\u201d: \u201cYo soy el Tenebroso -el Viudo-,el Desconsolado,\/ Pr\u00edncipe\u00a0 de Aquitania en la Torre abolida\u2026\u201d Los signos de saberes gn\u00f3sticos, se unen al m\u00e1rmol pent\u00e9lico, y a la continua a\u00f1oranza de un mundo de plenitudes. Lleno de trastornos, de pobreza a veces, de amantes por las que se obsesiona, como Jenny Colon, actriz y cantante de origen ingl\u00e9s, que morir\u00e1 en 1842.<\/p>\n<p>&nbsp;<\/p>\n<p style=\"text-align: justify;\">\u00a0\u00a0\u00a0\u00a0\u00a0\u00a0\u00a0\u00a0\u00a0\u00a0\u00a0 En relatos como \u201cLas hijas del fuego\u201d o \u201cAurelia\u201d, Nerval ve el susurro de hadas misteriosas y terribles que le muestran un m\u00e1s all\u00e1, tan turbador como apetecido. Las fotos que le hizo Nadar, ense\u00f1an a un hombre que parece mayor de lo que era (se suicid\u00f3 con 46 a\u00f1os) pero que parece incendiado de pasiones calladas y mundos turbulentos, que ah\u00ed capta el silencio. Le dir\u00e1 a su amigo Ars\u00e8ne Houssaye, que ha escrito sus primeros versos \u201cpor entusiasmo juvenil, los siguientes por amor, y los \u00faltimos por desesperaci\u00f3n.\u201d\u00a0 Musa y Pitonisa se cruzan en sus abrazos con \u00e9l. Cultamente paseador de los l\u00edmites -llevaba zapatos de charol- una noche, presentida, Nerval no puede m\u00e1s y se cuelga. Al amanecer descubren su cad\u00e1ver una lechera que regresa tarde con un borracho\u2026 Pero sus amigos (que ya lo admiran, y \u00e9l no tiene dinero) le disponen un funeral en Notre-Dame. Se podr\u00eda decir con m\u00e1s ex\u00e9gesis, pero ahora puede bastar as\u00ed: Sin Nerval no hubiera existido la modernidad. Que en sus \u201cQuimeras\u201d\u00a0 deja, por entero, de ser hipot\u00e9tica\u2026<\/p>\n<p>&nbsp;<\/p>\n<p><a href=\"https:\/\/issuu.com\/elnortedecastilla\/docs\/20190202lsc\" target=\"_blank\" rel=\"noopener noreferrer\">https:\/\/issuu.com\/elnortedecastilla\/docs\/20190202lsc<\/a>\u00a0 (p.5)[\/vc_column_text][\/vc_accordion_tab][vc_accordion_tab title=&#8221;Zenda recomienda: Las quimeras y otros poemas, de G\u00e9rard de Nerval, ZENDALIBROS.COM &#8211; 27\/12\/2018&#8243;][vc_column_text]<\/p>\n<p style=\"text-align: justify;\">Jueves en Zenda.\u00a0<strong>Jueves de poes\u00eda<\/strong>. Jueves, en este caso, de\u00a0<em><strong>Las quimeras y otros poemas<\/strong><\/em>, el ejercicio de buceo que en la editorial\u00a0<a href=\"http:\/\/www.visor-libros.com\/tienda\/novedades\/la-quimeras-y-otros-poemas.html\"><strong>Visor Libros<\/strong><\/a>\u00a0han llevado a cabo con la obra de\u00a0<strong>G\u00e9rard de Nerval<\/strong>, poeta fundamental, junto a Baudelaire, para comprender la g\u00e9nesis del simbolismo franc\u00e9s y el apogeo del romanticismo en el pa\u00eds galo. Este poderos\u00edsimo autor se erigi\u00f3, adem\u00e1s, como el anticipad\u00edsimo precursor del movimiento surrealista de Andr\u00e9 Breton, aun viviendo su corta vida \u2014finalizada en la horca y con suicidio\u2014 en la primera mitad del siglo XIX.<\/p>\n<p>&nbsp;<\/p>\n<p style=\"text-align: justify;\">En este volumen, seleccionado, traducido y prologado por Pedro Gand\u00eda, se recogen no<strong>\u00a0s\u00f3lo los sonetos de\u00a0<\/strong><em><strong>Las quimeras<\/strong><\/em><strong>, sino muchos de los dem\u00e1s poemas que componen el corpus de G\u00e9rard de Nerval<\/strong>, un poeta de tremenda dimensi\u00f3n en Francia y al que, hasta la fecha, apenas se hab\u00eda traducido a la lengua espa\u00f1ola. Este fen\u00f3meno anticipa una idea de la cantidad de poes\u00eda fundamental y relativamente reciente que todav\u00eda permanece lejana a nuestro campo de conocimiento, y acerca de todo el campo que queda por explorar en los vestigios de nuestro pasado l\u00edrico.<\/p>\n<p>&nbsp;<\/p>\n<p style=\"text-align: justify;\">Visor Libros recupera, de este modo, la obra fundamental de un poeta de pureza incontestable, desde el primer poema que compuso con apenas 13 a\u00f1os a su\u00a0<em>Epitafio<\/em>, escrito poco antes de ser hallado tras la comisi\u00f3n del citado suicidio. La poes\u00eda de G\u00e9rard de Nerval,\u00a0<strong>sublimada por un empleo fr\u00e1gil y, al mismo tiempo, voluminoso del lenguaje<\/strong>, se eleva con gracilidad por encima de las p\u00e1ginas de este libro, adquiriendo la vida propia que el poeta franc\u00e9s le insufl\u00f3 al escribirla y que ahora, gracias a Visor, llega a las casas de todos aquellos deseosos por recibir el fuego embriagador de sus quimeras.<\/p>\n<p>&nbsp;<\/p>\n<p>\u2014\u2014\u2014\u2014\u2014\u2014\u2014\u2014\u2014\u2014\u2014\u2014\u2014<\/p>\n<p>&nbsp;<\/p>\n<p><strong>Autor:<\/strong>\u00a0G\u00e9rard de Nerval.\u00a0<strong>Traductor:<\/strong>\u00a0Pedro Gand\u00eda.\u00a0<strong>T\u00edtulo:<\/strong>\u00a0<em>Las quimeras y otros poemas.\u00a0<\/em><strong>Editorial:<\/strong>\u00a0Visor Libros.\u00a0<strong>Venta:<\/strong>\u00a0<a href=\"https:\/\/www.amazon.es\/quimeras-otros-poemas-visor-Poes%C3%ADa\/dp\/8498953499\" target=\"_blank\" rel=\"noopener noreferrer\">Amazon<\/a>,\u00a0<a href=\"https:\/\/www.fnac.es\/a6367254\/Las-quimeras-y-otros-poemas\" target=\"_blank\" rel=\"noopener noreferrer\">Fnac<\/a>\u00a0y\u00a0<a href=\"https:\/\/www.casadellibro.com\/libro-las-quimeras-y-otros-poemas\/9788498953497\/8601283\" target=\"_blank\" rel=\"noopener noreferrer\">Casa del Libro<\/a>.<\/p>\n<p>&nbsp;<\/p>\n<p><a href=\"https:\/\/www.zendalibros.com\/zenda-recomienda-las-quimeras-otros-poemas-gerard-nerval\/\" target=\"_blank\" rel=\"noopener noreferrer\">https:\/\/www.zendalibros.com\/zenda-recomienda-las-quimeras-otros-poemas-gerard-nerval\/<\/a>[\/vc_column_text][\/vc_accordion_tab][\/vc_accordion][\/vc_column][\/vc_row]<\/p>\n<\/div>","protected":false},"excerpt":{"rendered":"<p>\u00abINICIADO\u201d, \u201cVestal\u201d, \u201cHijo del Fuego\u201d. As\u00ed gustaba llamarse G\u00e9rard de Nerval (Par\u00eds, 1808-1855), el poeta m\u00e1s puro y moderno del Romanticismo franc\u00e9s, precursor del Simbolismo junto con Baudelaire y el antecesor m\u00e1s profundo del Surrealismo, siempre adelantado a Breton.<\/p>\n","protected":false},"author":2,"featured_media":25560,"comment_status":"closed","ping_status":"open","sticky":false,"template":"","format":"standard","meta":{"footnotes":""},"categories":[107,111],"tags":[],"class_list":["post-25554","post","type-post","status-publish","format-standard","has-post-thumbnail","hentry","category-literature","category-translations"],"yoast_head":"<!-- This site is optimized with the Yoast SEO plugin v27.4 - https:\/\/yoast.com\/product\/yoast-seo-wordpress\/ -->\n<title>LAS QUIMERAS Y OTROS POEMAS - Pedro Gand\u00eda<\/title>\n<meta name=\"robots\" content=\"index, follow, max-snippet:-1, max-image-preview:large, max-video-preview:-1\" \/>\n<link rel=\"canonical\" href=\"https:\/\/www.pedro-gandia.com\/en\/las-quimeras-y-otros-poemas\/\" \/>\n<meta property=\"og:locale\" content=\"en_US\" \/>\n<meta property=\"og:type\" content=\"article\" \/>\n<meta property=\"og:title\" content=\"LAS QUIMERAS Y OTROS POEMAS - Pedro Gand\u00eda\" \/>\n<meta property=\"og:description\" content=\"\u00abINICIADO\u201d, \u201cVestal\u201d, \u201cHijo del Fuego\u201d. As\u00ed gustaba llamarse G\u00e9rard de Nerval (Par\u00eds, 1808-1855), el poeta m\u00e1s puro y moderno del Romanticismo franc\u00e9s, precursor del Simbolismo junto con Baudelaire y el antecesor m\u00e1s profundo del Surrealismo, siempre adelantado a Breton.\" \/>\n<meta property=\"og:url\" content=\"https:\/\/www.pedro-gandia.com\/en\/las-quimeras-y-otros-poemas\/\" \/>\n<meta property=\"og:site_name\" content=\"Pedro Gand\u00eda\" \/>\n<meta property=\"article:published_time\" content=\"2018-01-20T16:37:08+00:00\" \/>\n<meta property=\"article:modified_time\" content=\"2020-01-17T20:45:25+00:00\" \/>\n<meta property=\"og:image\" content=\"https:\/\/www.pedro-gandia.com\/wp-content\/uploads\/Lasquimerasyotrospoemas-cuadrado.jpg\" \/>\n\t<meta property=\"og:image:width\" content=\"500\" \/>\n\t<meta property=\"og:image:height\" content=\"500\" \/>\n\t<meta property=\"og:image:type\" content=\"image\/jpeg\" \/>\n<meta name=\"author\" content=\"Pedro Gand\u00eda\" \/>\n<meta name=\"twitter:card\" content=\"summary_large_image\" \/>\n<meta name=\"twitter:creator\" content=\"@pedrogandia\" \/>\n<meta name=\"twitter:site\" content=\"@pedrogandia\" \/>\n<meta name=\"twitter:label1\" content=\"Written by\" \/>\n\t<meta name=\"twitter:data1\" content=\"Pedro Gand\u00eda\" \/>\n\t<meta name=\"twitter:label2\" content=\"Est. reading time\" \/>\n\t<meta name=\"twitter:data2\" content=\"19 minutes\" \/>\n<!-- \/ Yoast SEO plugin. -->","yoast_head_json":{"title":"LAS QUIMERAS Y OTROS POEMAS - Pedro Gand\u00eda","robots":{"index":"index","follow":"follow","max-snippet":"max-snippet:-1","max-image-preview":"max-image-preview:large","max-video-preview":"max-video-preview:-1"},"canonical":"https:\/\/www.pedro-gandia.com\/en\/las-quimeras-y-otros-poemas\/","og_locale":"en_US","og_type":"article","og_title":"LAS QUIMERAS Y OTROS POEMAS - Pedro Gand\u00eda","og_description":"\u00abINICIADO\u201d, \u201cVestal\u201d, \u201cHijo del Fuego\u201d. As\u00ed gustaba llamarse G\u00e9rard de Nerval (Par\u00eds, 1808-1855), el poeta m\u00e1s puro y moderno del Romanticismo franc\u00e9s, precursor del Simbolismo junto con Baudelaire y el antecesor m\u00e1s profundo del Surrealismo, siempre adelantado a Breton.","og_url":"https:\/\/www.pedro-gandia.com\/en\/las-quimeras-y-otros-poemas\/","og_site_name":"Pedro Gand\u00eda","article_published_time":"2018-01-20T16:37:08+00:00","article_modified_time":"2020-01-17T20:45:25+00:00","og_image":[{"width":500,"height":500,"url":"https:\/\/www.pedro-gandia.com\/wp-content\/uploads\/Lasquimerasyotrospoemas-cuadrado.jpg","type":"image\/jpeg"}],"author":"Pedro Gand\u00eda","twitter_card":"summary_large_image","twitter_creator":"@pedrogandia","twitter_site":"@pedrogandia","twitter_misc":{"Written by":"Pedro Gand\u00eda","Est. reading time":"19 minutes"},"schema":{"@context":"https:\/\/schema.org","@graph":[{"@type":"Article","@id":"https:\/\/www.pedro-gandia.com\/en\/las-quimeras-y-otros-poemas\/#article","isPartOf":{"@id":"https:\/\/www.pedro-gandia.com\/en\/las-quimeras-y-otros-poemas\/"},"author":{"name":"Pedro Gand\u00eda","@id":"https:\/\/www.pedro-gandia.com\/en\/#\/schema\/person\/d49ed006e171e8c59bc069054e7cda51"},"headline":"LAS QUIMERAS Y OTROS POEMAS","datePublished":"2018-01-20T16:37:08+00:00","dateModified":"2020-01-17T20:45:25+00:00","mainEntityOfPage":{"@id":"https:\/\/www.pedro-gandia.com\/en\/las-quimeras-y-otros-poemas\/"},"wordCount":3742,"publisher":{"@id":"https:\/\/www.pedro-gandia.com\/en\/#\/schema\/person\/d49ed006e171e8c59bc069054e7cda51"},"image":{"@id":"https:\/\/www.pedro-gandia.com\/en\/las-quimeras-y-otros-poemas\/#primaryimage"},"thumbnailUrl":"https:\/\/www.pedro-gandia.com\/wp-content\/uploads\/Lasquimerasyotrospoemas-cuadrado.jpg","articleSection":["Literature","Translations"],"inLanguage":"en-US"},{"@type":"WebPage","@id":"https:\/\/www.pedro-gandia.com\/en\/las-quimeras-y-otros-poemas\/","url":"https:\/\/www.pedro-gandia.com\/en\/las-quimeras-y-otros-poemas\/","name":"LAS QUIMERAS Y OTROS POEMAS - Pedro Gand\u00eda","isPartOf":{"@id":"https:\/\/www.pedro-gandia.com\/en\/#website"},"primaryImageOfPage":{"@id":"https:\/\/www.pedro-gandia.com\/en\/las-quimeras-y-otros-poemas\/#primaryimage"},"image":{"@id":"https:\/\/www.pedro-gandia.com\/en\/las-quimeras-y-otros-poemas\/#primaryimage"},"thumbnailUrl":"https:\/\/www.pedro-gandia.com\/wp-content\/uploads\/Lasquimerasyotrospoemas-cuadrado.jpg","datePublished":"2018-01-20T16:37:08+00:00","dateModified":"2020-01-17T20:45:25+00:00","breadcrumb":{"@id":"https:\/\/www.pedro-gandia.com\/en\/las-quimeras-y-otros-poemas\/#breadcrumb"},"inLanguage":"en-US","potentialAction":[{"@type":"ReadAction","target":["https:\/\/www.pedro-gandia.com\/en\/las-quimeras-y-otros-poemas\/"]}]},{"@type":"ImageObject","inLanguage":"en-US","@id":"https:\/\/www.pedro-gandia.com\/en\/las-quimeras-y-otros-poemas\/#primaryimage","url":"https:\/\/www.pedro-gandia.com\/wp-content\/uploads\/Lasquimerasyotrospoemas-cuadrado.jpg","contentUrl":"https:\/\/www.pedro-gandia.com\/wp-content\/uploads\/Lasquimerasyotrospoemas-cuadrado.jpg","width":500,"height":500,"caption":"Las quimeras y otros poemas"},{"@type":"BreadcrumbList","@id":"https:\/\/www.pedro-gandia.com\/en\/las-quimeras-y-otros-poemas\/#breadcrumb","itemListElement":[{"@type":"ListItem","position":1,"name":"Portada","item":"https:\/\/www.pedro-gandia.com\/en\/"},{"@type":"ListItem","position":2,"name":"LAS QUIMERAS Y OTROS POEMAS"}]},{"@type":"WebSite","@id":"https:\/\/www.pedro-gandia.com\/en\/#website","url":"https:\/\/www.pedro-gandia.com\/en\/","name":"Pedro Gand\u00eda","description":"Art &amp; Literature","publisher":{"@id":"https:\/\/www.pedro-gandia.com\/en\/#\/schema\/person\/d49ed006e171e8c59bc069054e7cda51"},"potentialAction":[{"@type":"SearchAction","target":{"@type":"EntryPoint","urlTemplate":"https:\/\/www.pedro-gandia.com\/en\/?s={search_term_string}"},"query-input":{"@type":"PropertyValueSpecification","valueRequired":true,"valueName":"search_term_string"}}],"inLanguage":"en-US"},{"@type":["Person","Organization"],"@id":"https:\/\/www.pedro-gandia.com\/en\/#\/schema\/person\/d49ed006e171e8c59bc069054e7cda51","name":"Pedro Gand\u00eda","image":{"@type":"ImageObject","inLanguage":"en-US","@id":"https:\/\/secure.gravatar.com\/avatar\/46bb0d1adf0a5fcee6569ffb3fb75a79932bbcd104688fc95eb2e268b1276ae2?s=96&d=mm&r=g","url":"https:\/\/secure.gravatar.com\/avatar\/46bb0d1adf0a5fcee6569ffb3fb75a79932bbcd104688fc95eb2e268b1276ae2?s=96&d=mm&r=g","contentUrl":"https:\/\/secure.gravatar.com\/avatar\/46bb0d1adf0a5fcee6569ffb3fb75a79932bbcd104688fc95eb2e268b1276ae2?s=96&d=mm&r=g","caption":"Pedro Gand\u00eda"},"logo":{"@id":"https:\/\/secure.gravatar.com\/avatar\/46bb0d1adf0a5fcee6569ffb3fb75a79932bbcd104688fc95eb2e268b1276ae2?s=96&d=mm&r=g"}}]}},"_links":{"self":[{"href":"https:\/\/www.pedro-gandia.com\/en\/wp-json\/wp\/v2\/posts\/25554","targetHints":{"allow":["GET"]}}],"collection":[{"href":"https:\/\/www.pedro-gandia.com\/en\/wp-json\/wp\/v2\/posts"}],"about":[{"href":"https:\/\/www.pedro-gandia.com\/en\/wp-json\/wp\/v2\/types\/post"}],"author":[{"embeddable":true,"href":"https:\/\/www.pedro-gandia.com\/en\/wp-json\/wp\/v2\/users\/2"}],"replies":[{"embeddable":true,"href":"https:\/\/www.pedro-gandia.com\/en\/wp-json\/wp\/v2\/comments?post=25554"}],"version-history":[{"count":0,"href":"https:\/\/www.pedro-gandia.com\/en\/wp-json\/wp\/v2\/posts\/25554\/revisions"}],"wp:featuredmedia":[{"embeddable":true,"href":"https:\/\/www.pedro-gandia.com\/en\/wp-json\/wp\/v2\/media\/25560"}],"wp:attachment":[{"href":"https:\/\/www.pedro-gandia.com\/en\/wp-json\/wp\/v2\/media?parent=25554"}],"wp:term":[{"taxonomy":"category","embeddable":true,"href":"https:\/\/www.pedro-gandia.com\/en\/wp-json\/wp\/v2\/categories?post=25554"},{"taxonomy":"post_tag","embeddable":true,"href":"https:\/\/www.pedro-gandia.com\/en\/wp-json\/wp\/v2\/tags?post=25554"}],"curies":[{"name":"wp","href":"https:\/\/api.w.org\/{rel}","templated":true}]}}