{"id":24159,"date":"2015-07-20T18:37:08","date_gmt":"2015-07-20T16:37:08","guid":{"rendered":"https:\/\/www.pedro-gandia.com\/bajo-vespero-de-amador-palacios\/"},"modified":"2017-09-22T20:33:58","modified_gmt":"2017-09-22T18:33:58","slug":"bajo-vespero-de-amador-palacios","status":"publish","type":"post","link":"https:\/\/www.pedro-gandia.com\/en\/bajo-vespero-de-amador-palacios\/","title":{"rendered":"BAJO V\u00c9SPERO DE AMADOR PALACIOS"},"content":{"rendered":"<div class=\"wpb-content-wrapper\"><p>[vc_row row_type=&#8221;row&#8221; use_row_as_full_screen_section=&#8221;no&#8221; type=&#8221;full_width&#8221; text_align=&#8221;left&#8221; background_animation=&#8221;none&#8221; css_animation=&#8221;&#8221;][vc_column][vc_column_text]<\/p>\n<p style=\"text-align: justify;\"><b><i>BAJO V\u00c9SPERO DE AMADOR PALACIOS<\/i><\/b><\/p>\n<p style=\"text-align: justify;\">Pedro Gand\u00eda \/ <em>Letralia<\/em>, Cagua (Venezuela) \u2015 <strong>02\/09\/2015<\/strong><\/p>\n<p style=\"text-align: justify;\"><em>\u00a0 \u00a0 \u00a0 \u00a0 \u00a0 \u00a0<\/em><\/p>\n<div style=\"text-align: justify;\">\n<p>Un esp\u00edritu fluye como el agua entre los escollos de la existencia. Esp\u00edritu de gran intuici\u00f3n, innata curiosidad y mentalidad positiva; personificaci\u00f3n del entusiasmo idealista, del optimismo como una forma de fe ciega. No esp\u00edritu so\u00f1ador: sus sue\u00f1os \u2014pr\u00e1cticos, pintados con v\u00edvida y desatada imaginaci\u00f3n\u2014 est\u00e1n sometidos al escrutinio de la l\u00f3gica implacable y la curiosidad compulsiva. Con una amplia visi\u00f3n de la realidad y comprensi\u00f3n de la vida, dirige su mirada m\u00e1s all\u00e1 de la apariencia externa, en busca de un valor m\u00e1s aut\u00e9ntico e intr\u00ednseco. De pensamiento claro y sistem\u00e1tico, progresista, inconformista, moderno, celebra lo nuevo; persigue, en definitiva, la felicidad, la libertad en su apasionado amor por la vida y su deseo de una existencia perfecta. Se trata del yo l\u00edrico, que alguna vez se desdobla en un \u201c\u00e9l\u201d, de los poemas, en prosa, de\u00a0<em>Bajo V\u00e9spero<\/em>, \u00faltima entrega de Amador Palacios (Albacete, 1954), autor con m\u00e1s de veinte libros publicados, entre poes\u00eda, ensayo y traducci\u00f3n, becado en repetidas ocasiones por la Fundaci\u00f3n Calouste Gulbenkian de Lisboa as\u00ed como por la Fundaci\u00f3n Olifante de Zaragoza, tambi\u00e9n bi\u00f3grafo de Gabino-Alejandro Carriedo, miembro del consejo asesor de la Fundaci\u00f3n Carlos Edmundo de Ory de C\u00e1diz y acad\u00e9mico correspondiente de la Real Academia Conquense de Artes y Letras (RACAL).<\/p>\n<p>Entre una luz que muere y una luz que nace, se conforma este particular dietario po\u00e9tico por amor a la vida \u2014el\u00a0<em>\u00e9ros c\u2019est la vie<\/em>\u00a0que proclamara Duchamp\u2014 a modo de pieza musical en tres tiempos:\u00a0<em>Bajo V\u00e9spero<\/em>,\u00a0<em>Peque\u00f1o cuaderno de Venecia<\/em>\u00a0y\u00a0<em>Quasi Adagio.\u00a0<\/em>El primero,\u00a0<em>Bajo V\u00e9spero<\/em>, que da t\u00edtulo al conjunto, consta de quince poemas, entre sue\u00f1os, recuerdos, incidentes y estampas cotidianas. Toda experiencia proporciona al poeta un caudal de sabidur\u00eda inagotable, que brilla en lo que dice y en lo que sugiere con intensidad semejante. No se trata de materia filos\u00f3fica, pues no hay cuestionamiento, sino de verdades. Y as\u00ed especialmente se patentiza en los poemas\u00a0<em>\u00c1rbol eterno, casi<\/em>, y\u00a0<em>Viaje final<\/em>, que abren y cierran esta secci\u00f3n, proporcionando al conjunto \u2014fragmentos de realidad cotidiana\u2014 una estructura circular.\u00a0<em>\u00c1rbol eterno, casi<\/em>, dice la finitud:\u00a0<em>Nada se cuenta en el Universo que sea inmortal, ni siquiera los dioses\u00a0<\/em>(p\u00e1g. 11). \u201cDesautomatizaci\u00f3n metaf\u00edsica\u201d, dir\u00eda Shklovski, a la manera del soneto CXXX de Shakespeare pero llegando m\u00e1s all\u00e1 en la racionalidad: a la desmitificaci\u00f3n del propio mito. El yo l\u00edrico, proyect\u00e1ndose con la iron\u00eda del \u201ccasi\u201d que matiza el t\u00edtulo \u2014la iron\u00eda es una constante en nuestro poeta\u2014, habla, argumenta, saca conclusiones acerca de la situaci\u00f3n, avanzando de lo m\u00e1s cercano a lo definitivo. As\u00ed apunta igualmente la coreograf\u00eda que trasciende lo f\u00edsico del\u00a0<em>Viaje final<\/em>. El paisaje que enmarca la ventana, la desembocadura del Guadiana \u2014todo lo que se ve y se oye en el poemario sucede al aire libre, en lo fresco, en el verde, en la naturaleza\u2014 deviene\u00a0<em>exuberante met\u00e1fora, palpitante paradoja<\/em>\u00a0de la que se vale el autor para, salt\u00e1ndose la representaci\u00f3n, la propia interpretaci\u00f3n, concluir afirmando:\u00a0<em>Nada se crea ni se destruye sino que se transforma, dice la osada m\u00e1xima. De todo lo existente, solo pervive el mar, sin padecer ninguna metamorfosis\u00a0<\/em>(p\u00e1g. 46). Constituyen el segundo tiempo,\u00a0<em>Peque\u00f1o cuaderno de Venecia<\/em>, doce poemas, el \u00faltimo de ellos en verso, que transportan al lector, a trav\u00e9s de la mente observadora y penetrante del viajero, de aguda capacidad de observaci\u00f3n de los detalles m\u00e1s nimios, a una Venecia invernal y a la vez fuera del tiempo, por la que transitan\u00a0<em>muertos inmortales<\/em>, los fantasmas de Ezra Pound, Stravinski, pero tambi\u00e9n los de Helenio Herrera, \u00c1ngel Crespo, entre otros. Cierra la pieza un\u00a0<em>Quasi Adagio<\/em>, catorce aforismos entre los que destaca el n\u00famero 11, homenaje a \u00c1ngel Crespo, fragmentado en pinceladas puras, quintaesencia del pensamiento, como:\u00a0<em>El tiempo es el espacio de la m\u00fasica<\/em>\u00a0o\u00a0<em>El espacio es el tiempo, oscilante o quebrado, propio de la pintura<\/em>, para matizar seguidamente con profunda filosof\u00eda:\u00a0<em>En todo caso, no es un tiempo lineal sino un extra\u00f1o tiempo en lo simult\u00e1neo\u00a0<\/em>(p\u00e1g. 83)<em>.\u00a0<\/em>No tiempo cronol\u00f3gico: tiempo intensivo del\u00a0<em>Ai\u00f3n<\/em>\u00a0seg\u00fan Deleuze: un\u00a0<em>d\u00e9j\u00e0-l\u00e0<\/em>\u00a0y un\u00a0<em>pas encore-l\u00e0<\/em>: tiempo circular donde presente, pasado y futuro son uno.<\/p>\n<p>Bajo el primer lucero, de sexo femenino, el m\u00e1s brillante de la tarde, espejo vespertino de Venus Afrodita, Amador Palacios nos presenta un texto cuyo br\u00edo ser\u00eda su \u201cvoluntad de goce\u201d \u2014\u00bfel goce como sabidur\u00eda?\u2014. La marca de su estilo, su diferencia, reside en la particular utilizaci\u00f3n de los adjetivos \u2014las puertas del lenguaje por donde lo ideol\u00f3gico y lo imaginario penetran en grandes oleadas (Barthes\u00a0<em>dixit<\/em>)\u2014 y en el af\u00e1n de liberarlos de toda norma y costumbre. Se trata de una adjetivaci\u00f3n desbordante, de amplia movilidad, donde abunda la doble adjetivaci\u00f3n de apreciaci\u00f3n subjetiva, con predominio de los adjetivos relacionales sobre los calificativos, dotados aquellos de las caracter\u00edsticas morfosint\u00e1cticas que la norma solo admite en estos y cuya ruptura enriquece de novedad el lenguaje. No hay opini\u00f3n ni valoraci\u00f3n sino contestaci\u00f3n en un texto para un lector paradoxal, at\u00f3pico, abandonado a la deriva, sin otro deseo que el goce perverso de las palabras.<\/p>\n<\/div>\n<p>&nbsp;<\/p>\n<p><a href=\"https:\/\/letralia.com\/lecturas\/2015\/09\/02\/bajo-vespero-de-amador-palacios\/\" target=\"_blank\" rel=\"noopener\">https:\/\/letralia.com\/lecturas\/2015\/09\/02\/bajo-vespero-de-amador-palacios\/<\/a>[\/vc_column_text][\/vc_column][\/vc_row]<\/p>\n<\/div>","protected":false},"excerpt":{"rendered":"<p>Un esp\u00edritu fluye como el agua entre los escollos de la existencia. Esp\u00edritu de gran intuici\u00f3n, innata curiosidad y mentalidad positiva; personificaci\u00f3n del entusiasmo idealista, del optimismo como una forma de fe ciega. No esp\u00edritu so\u00f1ador: sus sue\u00f1os \u2014pr\u00e1cticos, pintados con v\u00edvida y desatada imaginaci\u00f3n\u2014 est\u00e1n sometidos al escrutinio de la l\u00f3gica implacable y la curiosidad compulsiva. Con una amplia visi\u00f3n de la realidad y comprensi\u00f3n de la vida, dirige su mirada m\u00e1s all\u00e1 de la apariencia externa, en busca de un valor m\u00e1s aut\u00e9ntico e intr\u00ednseco. De pensamiento claro y sistem\u00e1tico, progresista, inconformista, moderno, celebra lo nuevo; persigue, en definitiva, la felicidad, la libertad en su apasionado amor por la vida y su deseo de una existencia perfecta. Se trata del yo l\u00edrico, que alguna vez se desdobla en un \u201c\u00e9l\u201d, de los poemas, en prosa, de\u00a0Bajo V\u00e9spero, \u00faltima entrega de Amador Palacios (Albacete, 1954), autor con m\u00e1s de veinte libros publicados, entre poes\u00eda, ensayo y traducci\u00f3n, becado en repetidas ocasiones por la Fundaci\u00f3n Calouste Gulbenkian de Lisboa as\u00ed como por la Fundaci\u00f3n Olifante de Zaragoza, tambi\u00e9n bi\u00f3grafo de Gabino-Alejandro Carriedo, miembro del consejo asesor de la Fundaci\u00f3n Carlos Edmundo de Ory de C\u00e1diz y acad\u00e9mico correspondiente de la Real Academia Conquense de Artes y Letras (Racal).<\/p>\n","protected":false},"author":2,"featured_media":0,"comment_status":"closed","ping_status":"open","sticky":false,"template":"","format":"standard","meta":{"footnotes":""},"categories":[107,108],"tags":[],"class_list":["post-24159","post","type-post","status-publish","format-standard","hentry","category-literature","category-articles"],"yoast_head":"<!-- This site is optimized with the Yoast SEO plugin v27.5 - https:\/\/yoast.com\/product\/yoast-seo-wordpress\/ -->\n<title>BAJO V\u00c9SPERO DE AMADOR PALACIOS - Pedro Gand\u00eda<\/title>\n<meta name=\"robots\" content=\"index, follow, max-snippet:-1, max-image-preview:large, max-video-preview:-1\" \/>\n<link rel=\"canonical\" href=\"https:\/\/www.pedro-gandia.com\/en\/bajo-vespero-de-amador-palacios\/\" \/>\n<meta property=\"og:locale\" content=\"en_US\" \/>\n<meta property=\"og:type\" content=\"article\" \/>\n<meta property=\"og:title\" content=\"BAJO V\u00c9SPERO DE AMADOR PALACIOS - Pedro Gand\u00eda\" \/>\n<meta property=\"og:description\" content=\"Un esp\u00edritu fluye como el agua entre los escollos de la existencia. Esp\u00edritu de gran intuici\u00f3n, innata curiosidad y mentalidad positiva; personificaci\u00f3n del entusiasmo idealista, del optimismo como una forma de fe ciega. No esp\u00edritu so\u00f1ador: sus sue\u00f1os \u2014pr\u00e1cticos, pintados con v\u00edvida y desatada imaginaci\u00f3n\u2014 est\u00e1n sometidos al escrutinio de la l\u00f3gica implacable y la curiosidad compulsiva. Con una amplia visi\u00f3n de la realidad y comprensi\u00f3n de la vida, dirige su mirada m\u00e1s all\u00e1 de la apariencia externa, en busca de un valor m\u00e1s aut\u00e9ntico e intr\u00ednseco. De pensamiento claro y sistem\u00e1tico, progresista, inconformista, moderno, celebra lo nuevo; persigue, en definitiva, la felicidad, la libertad en su apasionado amor por la vida y su deseo de una existencia perfecta. Se trata del yo l\u00edrico, que alguna vez se desdobla en un \u201c\u00e9l\u201d, de los poemas, en prosa, de\u00a0Bajo V\u00e9spero, \u00faltima entrega de Amador Palacios (Albacete, 1954), autor con m\u00e1s de veinte libros publicados, entre poes\u00eda, ensayo y traducci\u00f3n, becado en repetidas ocasiones por la Fundaci\u00f3n Calouste Gulbenkian de Lisboa as\u00ed como por la Fundaci\u00f3n Olifante de Zaragoza, tambi\u00e9n bi\u00f3grafo de Gabino-Alejandro Carriedo, miembro del consejo asesor de la Fundaci\u00f3n Carlos Edmundo de Ory de C\u00e1diz y acad\u00e9mico correspondiente de la Real Academia Conquense de Artes y Letras (Racal).\" \/>\n<meta property=\"og:url\" content=\"https:\/\/www.pedro-gandia.com\/en\/bajo-vespero-de-amador-palacios\/\" \/>\n<meta property=\"og:site_name\" content=\"Pedro Gand\u00eda\" \/>\n<meta property=\"article:published_time\" content=\"2015-07-20T16:37:08+00:00\" \/>\n<meta property=\"article:modified_time\" content=\"2017-09-22T18:33:58+00:00\" \/>\n<meta name=\"author\" content=\"Pedro Gand\u00eda\" \/>\n<meta name=\"twitter:card\" content=\"summary_large_image\" \/>\n<meta name=\"twitter:creator\" content=\"@pedrogandia\" \/>\n<meta name=\"twitter:site\" content=\"@pedrogandia\" \/>\n<meta name=\"twitter:label1\" content=\"Written by\" \/>\n\t<meta name=\"twitter:data1\" content=\"Pedro Gand\u00eda\" \/>\n\t<meta name=\"twitter:label2\" content=\"Est. reading time\" \/>\n\t<meta name=\"twitter:data2\" content=\"5 minutes\" \/>\n<!-- \/ Yoast SEO plugin. -->","yoast_head_json":{"title":"BAJO V\u00c9SPERO DE AMADOR PALACIOS - Pedro Gand\u00eda","robots":{"index":"index","follow":"follow","max-snippet":"max-snippet:-1","max-image-preview":"max-image-preview:large","max-video-preview":"max-video-preview:-1"},"canonical":"https:\/\/www.pedro-gandia.com\/en\/bajo-vespero-de-amador-palacios\/","og_locale":"en_US","og_type":"article","og_title":"BAJO V\u00c9SPERO DE AMADOR PALACIOS - Pedro Gand\u00eda","og_description":"Un esp\u00edritu fluye como el agua entre los escollos de la existencia. Esp\u00edritu de gran intuici\u00f3n, innata curiosidad y mentalidad positiva; personificaci\u00f3n del entusiasmo idealista, del optimismo como una forma de fe ciega. No esp\u00edritu so\u00f1ador: sus sue\u00f1os \u2014pr\u00e1cticos, pintados con v\u00edvida y desatada imaginaci\u00f3n\u2014 est\u00e1n sometidos al escrutinio de la l\u00f3gica implacable y la curiosidad compulsiva. Con una amplia visi\u00f3n de la realidad y comprensi\u00f3n de la vida, dirige su mirada m\u00e1s all\u00e1 de la apariencia externa, en busca de un valor m\u00e1s aut\u00e9ntico e intr\u00ednseco. De pensamiento claro y sistem\u00e1tico, progresista, inconformista, moderno, celebra lo nuevo; persigue, en definitiva, la felicidad, la libertad en su apasionado amor por la vida y su deseo de una existencia perfecta. Se trata del yo l\u00edrico, que alguna vez se desdobla en un \u201c\u00e9l\u201d, de los poemas, en prosa, de\u00a0Bajo V\u00e9spero, \u00faltima entrega de Amador Palacios (Albacete, 1954), autor con m\u00e1s de veinte libros publicados, entre poes\u00eda, ensayo y traducci\u00f3n, becado en repetidas ocasiones por la Fundaci\u00f3n Calouste Gulbenkian de Lisboa as\u00ed como por la Fundaci\u00f3n Olifante de Zaragoza, tambi\u00e9n bi\u00f3grafo de Gabino-Alejandro Carriedo, miembro del consejo asesor de la Fundaci\u00f3n Carlos Edmundo de Ory de C\u00e1diz y acad\u00e9mico correspondiente de la Real Academia Conquense de Artes y Letras (Racal).","og_url":"https:\/\/www.pedro-gandia.com\/en\/bajo-vespero-de-amador-palacios\/","og_site_name":"Pedro Gand\u00eda","article_published_time":"2015-07-20T16:37:08+00:00","article_modified_time":"2017-09-22T18:33:58+00:00","author":"Pedro Gand\u00eda","twitter_card":"summary_large_image","twitter_creator":"@pedrogandia","twitter_site":"@pedrogandia","twitter_misc":{"Written by":"Pedro Gand\u00eda","Est. reading time":"5 minutes"},"schema":{"@context":"https:\/\/schema.org","@graph":[{"@type":"Article","@id":"https:\/\/www.pedro-gandia.com\/en\/bajo-vespero-de-amador-palacios\/#article","isPartOf":{"@id":"https:\/\/www.pedro-gandia.com\/en\/bajo-vespero-de-amador-palacios\/"},"author":{"name":"Pedro Gand\u00eda","@id":"https:\/\/www.pedro-gandia.com\/en\/#\/schema\/person\/d49ed006e171e8c59bc069054e7cda51"},"headline":"BAJO V\u00c9SPERO DE AMADOR PALACIOS","datePublished":"2015-07-20T16:37:08+00:00","dateModified":"2017-09-22T18:33:58+00:00","mainEntityOfPage":{"@id":"https:\/\/www.pedro-gandia.com\/en\/bajo-vespero-de-amador-palacios\/"},"wordCount":990,"publisher":{"@id":"https:\/\/www.pedro-gandia.com\/en\/#\/schema\/person\/d49ed006e171e8c59bc069054e7cda51"},"articleSection":["Literature","Articles"],"inLanguage":"en-US"},{"@type":"WebPage","@id":"https:\/\/www.pedro-gandia.com\/en\/bajo-vespero-de-amador-palacios\/","url":"https:\/\/www.pedro-gandia.com\/en\/bajo-vespero-de-amador-palacios\/","name":"BAJO V\u00c9SPERO DE AMADOR PALACIOS - Pedro Gand\u00eda","isPartOf":{"@id":"https:\/\/www.pedro-gandia.com\/en\/#website"},"datePublished":"2015-07-20T16:37:08+00:00","dateModified":"2017-09-22T18:33:58+00:00","breadcrumb":{"@id":"https:\/\/www.pedro-gandia.com\/en\/bajo-vespero-de-amador-palacios\/#breadcrumb"},"inLanguage":"en-US","potentialAction":[{"@type":"ReadAction","target":["https:\/\/www.pedro-gandia.com\/en\/bajo-vespero-de-amador-palacios\/"]}]},{"@type":"BreadcrumbList","@id":"https:\/\/www.pedro-gandia.com\/en\/bajo-vespero-de-amador-palacios\/#breadcrumb","itemListElement":[{"@type":"ListItem","position":1,"name":"Portada","item":"https:\/\/www.pedro-gandia.com\/en\/"},{"@type":"ListItem","position":2,"name":"BAJO V\u00c9SPERO DE AMADOR PALACIOS"}]},{"@type":"WebSite","@id":"https:\/\/www.pedro-gandia.com\/en\/#website","url":"https:\/\/www.pedro-gandia.com\/en\/","name":"Pedro Gand\u00eda","description":"Art &amp; Literature","publisher":{"@id":"https:\/\/www.pedro-gandia.com\/en\/#\/schema\/person\/d49ed006e171e8c59bc069054e7cda51"},"potentialAction":[{"@type":"SearchAction","target":{"@type":"EntryPoint","urlTemplate":"https:\/\/www.pedro-gandia.com\/en\/?s={search_term_string}"},"query-input":{"@type":"PropertyValueSpecification","valueRequired":true,"valueName":"search_term_string"}}],"inLanguage":"en-US"},{"@type":["Person","Organization"],"@id":"https:\/\/www.pedro-gandia.com\/en\/#\/schema\/person\/d49ed006e171e8c59bc069054e7cda51","name":"Pedro Gand\u00eda","image":{"@type":"ImageObject","inLanguage":"en-US","@id":"https:\/\/secure.gravatar.com\/avatar\/46bb0d1adf0a5fcee6569ffb3fb75a79932bbcd104688fc95eb2e268b1276ae2?s=96&d=mm&r=g","url":"https:\/\/secure.gravatar.com\/avatar\/46bb0d1adf0a5fcee6569ffb3fb75a79932bbcd104688fc95eb2e268b1276ae2?s=96&d=mm&r=g","contentUrl":"https:\/\/secure.gravatar.com\/avatar\/46bb0d1adf0a5fcee6569ffb3fb75a79932bbcd104688fc95eb2e268b1276ae2?s=96&d=mm&r=g","caption":"Pedro Gand\u00eda"},"logo":{"@id":"https:\/\/secure.gravatar.com\/avatar\/46bb0d1adf0a5fcee6569ffb3fb75a79932bbcd104688fc95eb2e268b1276ae2?s=96&d=mm&r=g"}}]}},"_links":{"self":[{"href":"https:\/\/www.pedro-gandia.com\/en\/wp-json\/wp\/v2\/posts\/24159","targetHints":{"allow":["GET"]}}],"collection":[{"href":"https:\/\/www.pedro-gandia.com\/en\/wp-json\/wp\/v2\/posts"}],"about":[{"href":"https:\/\/www.pedro-gandia.com\/en\/wp-json\/wp\/v2\/types\/post"}],"author":[{"embeddable":true,"href":"https:\/\/www.pedro-gandia.com\/en\/wp-json\/wp\/v2\/users\/2"}],"replies":[{"embeddable":true,"href":"https:\/\/www.pedro-gandia.com\/en\/wp-json\/wp\/v2\/comments?post=24159"}],"version-history":[{"count":0,"href":"https:\/\/www.pedro-gandia.com\/en\/wp-json\/wp\/v2\/posts\/24159\/revisions"}],"wp:attachment":[{"href":"https:\/\/www.pedro-gandia.com\/en\/wp-json\/wp\/v2\/media?parent=24159"}],"wp:term":[{"taxonomy":"category","embeddable":true,"href":"https:\/\/www.pedro-gandia.com\/en\/wp-json\/wp\/v2\/categories?post=24159"},{"taxonomy":"post_tag","embeddable":true,"href":"https:\/\/www.pedro-gandia.com\/en\/wp-json\/wp\/v2\/tags?post=24159"}],"curies":[{"name":"wp","href":"https:\/\/api.w.org\/{rel}","templated":true}]}}